{"id":679,"date":"2017-05-19T12:35:52","date_gmt":"2017-05-19T10:35:52","guid":{"rendered":"https:\/\/ks-polica.si\/?p=679"},"modified":"2017-05-19T12:35:52","modified_gmt":"2017-05-19T10:35:52","slug":"teden-vsezivljenskega-ucenja","status":"publish","type":"post","link":"https:\/\/ks-polica.si\/?p=679","title":{"rendered":"Teden vse\u017eivljenskega u\u010denja"},"content":{"rendered":"<p><img class=\"aligncenter\" src=\"https:\/\/www.cene-stupar.si\/images\/uploads\/Logo%20Parada%20Ucenja%20PU2017_R_logo_SLO_napis.png\" \/><\/p>\n<p>Za\u010denja se Teden vse\u017eivljenjskega u\u010denja (TVU 2017), ki je najvidnej\u0161a promocijska kampanja na podro\u010dju izobra\u017eevanja in u\u010denja v Sloveniji. Projekt usklajujejo na Andrago\u0161kem centru Slovenije in ga prirejajo v sodelovanju s stotinami ustanov, skupin in posameznikov po vsej dr\u017eavi pa tudi onkraj na\u0161ih meja. Z njim opozarjamo na vseprisotnost pa tudi pomembnost u\u010denja \u2013 v vseh \u017eivljenjskih obdobjih in za vse vloge, ki jih posameznik v svojem \u017eivljenju prevzema. Vsi, ki projekt soustvarjamo, bodisi v vlogi izvajalcev prireditev bodisi kot udele\u017eenci, prispevamo k udejanjanju slogana \u2018Slovenija, u\u010de\u010da se de\u017eela\u2019. TVU je \u010dlan mednarodnega gibanja festivalov u\u010denja.<\/p>\n<p>Dnevi u\u010de\u010dih se skupnosti\u2019 je obogatitev projekta Teden vse\u017eivljenjskega u\u010denja (TVU), ki jo je omogo\u010dil projekt Uresni\u010devanje prenovljenega Evropskega programa za u\u010denje odraslih (EPUO) v Sloveniji. Gre za zaporedje enodnevnih festivalskih in strokovnih dogodkov, izpeljanih v okviru TVU. Projekt sofinancira Ministrstvo za izobra\u017eevanje, znanost in \u0161port.<\/p>\n<p>Center za izobra\u017eevanje Cene \u0160tupar je obmo\u010dni koordinator projekta <strong><a href=\"https:\/\/www.cene-stupar.si\/projekti\/teden-vsezivljenskega-ucenja\" target=\"_blank\" rel=\"noopener noreferrer\">Teden vse\u017eivljenjskega u\u010denja 2017<\/a>.<\/strong>\u00a0Pridru\u017eilo se jim je ve\u010d kot 70 partnerjev, s katerimi so zasnovali in skupaj uskladili ve\u010d kot 350 razli\u010dnih brezpla\u010dnih prireditev. Te so namenjene vsem prebivalcem, ki se \u017eelite kaj novega nau\u010diti, se informirati ali druga\u010de sodelovati v vse\u017eivljenjskem u\u010denju. Dogodki se bodo odvijali na razli\u010dnih lokacijah in so informativno-svetovalne, promocijske, kulturne in dru\u017eabne narave.<\/p>\n<p><img class=\"aligncenter\" src=\"https:\/\/www.cene-stupar.si\/images\/uploads\/Logo%20TVU%20SUSD%202017.png\" \/><\/p>\n<p style=\"text-align: center;\"><strong>DELAVNICA: KAKO LAHKO JAZ POMAGAM OB PROMETNI NESRE\u010cI<\/strong><\/p>\n<p>Gasilska brigada Ljubljana sodeluje v obliki organizirane delavnice z naslovom <strong>Kako lahko JAZ pomagam ob prometni nesre\u010di<\/strong>, ki bo v sredo, 24. maja 2017 od 10.00 do 12.00 ure pri nas.<\/p>\n<p>V uvodu bomo prikazali promocijski film o zgodovini, delu in organiziranosti Gasilske brigade Ljubljana, kot osrednji operativni gasilski enoti v Ljubljani. V klju\u010dnem delu bomo izvedli omenjeno delavnico (predavanje + diskusija + prakti\u010dni prikaz). V zaklju\u010dku pa sledi \u0161e ogled vozil in opreme v Gasilski brigadi Ljubljana.<\/p>\n<p>\u0160tevilo udele\u017eencev je omejeno, zato sprejemamo prijave do zapolnitve prostih mest na elektronski naslov: <a href=\"mailto:robert@gb.ljubljana.si\">robert@gb.ljubljana.si<\/a>.<\/p>\n<p>Vabljeni!<\/p>\n<p>Vir: Gasilska brigada Ljubljana, 2017.<\/p>\n","protected":false},"excerpt":{"rendered":"<p>Za\u010denja se Teden vse\u017eivljenjskega u\u010denja (TVU 2017), ki je najvidnej\u0161a promocijska kampanja na podro\u010dju izobra\u017eevanja in u\u010denja v Sloveniji. Projekt usklajujejo na Andrago\u0161kem centru Slovenije in ga prirejajo v sodelovanju s stotinami ustanov, skupin in posameznikov po vsej dr\u017eavi pa tudi onkraj na\u0161ih meja. Z njim opozarjamo na vseprisotnost pa tudi pomembnost u\u010denja \u2013 v [&hellip;]<\/p>\n","protected":false},"author":2,"featured_media":680,"comment_status":"closed","ping_status":"closed","sticky":false,"template":"","format":"standard","meta":[],"categories":[1],"tags":[],"_links":{"self":[{"href":"https:\/\/ks-polica.si\/index.php?rest_route=\/wp\/v2\/posts\/679"}],"collection":[{"href":"https:\/\/ks-polica.si\/index.php?rest_route=\/wp\/v2\/posts"}],"about":[{"href":"https:\/\/ks-polica.si\/index.php?rest_route=\/wp\/v2\/types\/post"}],"author":[{"embeddable":true,"href":"https:\/\/ks-polica.si\/index.php?rest_route=\/wp\/v2\/users\/2"}],"replies":[{"embeddable":true,"href":"https:\/\/ks-polica.si\/index.php?rest_route=%2Fwp%2Fv2%2Fcomments&post=679"}],"version-history":[{"count":1,"href":"https:\/\/ks-polica.si\/index.php?rest_route=\/wp\/v2\/posts\/679\/revisions"}],"predecessor-version":[{"id":681,"href":"https:\/\/ks-polica.si\/index.php?rest_route=\/wp\/v2\/posts\/679\/revisions\/681"}],"wp:featuredmedia":[{"embeddable":true,"href":"https:\/\/ks-polica.si\/index.php?rest_route=\/wp\/v2\/media\/680"}],"wp:attachment":[{"href":"https:\/\/ks-polica.si\/index.php?rest_route=%2Fwp%2Fv2%2Fmedia&parent=679"}],"wp:term":[{"taxonomy":"category","embeddable":true,"href":"https:\/\/ks-polica.si\/index.php?rest_route=%2Fwp%2Fv2%2Fcategories&post=679"},{"taxonomy":"post_tag","embeddable":true,"href":"https:\/\/ks-polica.si\/index.php?rest_route=%2Fwp%2Fv2%2Ftags&post=679"}],"curies":[{"name":"wp","href":"https:\/\/api.w.org\/{rel}","templated":true}]}}